{"id":30032,"date":"2023-03-20T23:08:00","date_gmt":"2023-03-20T23:08:00","guid":{"rendered":"https:\/\/www.armandeus.com\/?p=30032"},"modified":"2023-03-21T15:58:52","modified_gmt":"2023-03-21T15:58:52","slug":"my-experience-with-redken-symposium","status":"publish","type":"post","link":"https:\/\/www.armandeus.com\/es\/my-experience-with-redken-symposium\/","title":{"rendered":"My Experience with Redken Symposium"},"content":{"rendered":"<hr class=\"wp-block-separator has-alpha-channel-opacity\"\/>\n\n\n\n<figure class=\"wp-block-gallery has-nested-images columns-default is-cropped wp-block-gallery-1 is-layout-flex wp-block-gallery-is-layout-flex\">\n<figure class=\"wp-block-image size-large\"><img loading=\"lazy\" decoding=\"async\" width=\"900\" height=\"1200\" data-id=\"30043\" src=\"https:\/\/i0.wp.com\/www.armandeus.com\/wp-content\/uploads\/2023\/03\/IMG_0024-1.jpg?resize=900%2C1200&#038;ssl=1\" alt=\"\" class=\"wp-image-30043\" srcset=\"https:\/\/i0.wp.com\/www.armandeus.com\/wp-content\/uploads\/2023\/03\/IMG_0024-1.jpg?resize=900%2C1200&amp;ssl=1 900w, https:\/\/i0.wp.com\/www.armandeus.com\/wp-content\/uploads\/2023\/03\/IMG_0024-1.jpg?resize=263%2C350&amp;ssl=1 263w, https:\/\/i0.wp.com\/www.armandeus.com\/wp-content\/uploads\/2023\/03\/IMG_0024-1.jpg?resize=9%2C12&amp;ssl=1 9w, https:\/\/i0.wp.com\/www.armandeus.com\/wp-content\/uploads\/2023\/03\/IMG_0024-1.jpg?resize=330%2C440&amp;ssl=1 330w, https:\/\/i0.wp.com\/www.armandeus.com\/wp-content\/uploads\/2023\/03\/IMG_0024-1.jpg?w=960&amp;ssl=1 960w\" sizes=\"(max-width: 900px) 100vw, 900px\" data-recalc-dims=\"1\" \/><\/figure>\n\n\n\n<figure class=\"wp-block-image size-large\"><img loading=\"lazy\" decoding=\"async\" width=\"900\" height=\"1200\" data-id=\"30044\" src=\"https:\/\/i0.wp.com\/www.armandeus.com\/wp-content\/uploads\/2023\/03\/IMG_0026-1.jpg?resize=900%2C1200&#038;ssl=1\" alt=\"\" class=\"wp-image-30044\" srcset=\"https:\/\/i0.wp.com\/www.armandeus.com\/wp-content\/uploads\/2023\/03\/IMG_0026-1.jpg?resize=900%2C1200&amp;ssl=1 900w, https:\/\/i0.wp.com\/www.armandeus.com\/wp-content\/uploads\/2023\/03\/IMG_0026-1.jpg?resize=263%2C350&amp;ssl=1 263w, https:\/\/i0.wp.com\/www.armandeus.com\/wp-content\/uploads\/2023\/03\/IMG_0026-1.jpg?resize=9%2C12&amp;ssl=1 9w, https:\/\/i0.wp.com\/www.armandeus.com\/wp-content\/uploads\/2023\/03\/IMG_0026-1.jpg?resize=330%2C440&amp;ssl=1 330w, https:\/\/i0.wp.com\/www.armandeus.com\/wp-content\/uploads\/2023\/03\/IMG_0026-1.jpg?w=960&amp;ssl=1 960w\" sizes=\"(max-width: 900px) 100vw, 900px\" data-recalc-dims=\"1\" \/><\/figure>\n<\/figure>\n\n\n\n<p>Como estilista, siempre estoy buscando formas de mejorar mis habilidades y ofrecer a mis clientes el mejor servicio posible.<\/p>\n\n\n\n<p>Por eso me encant\u00f3 poder asistir al Simposio Redken en Orlando, Florida, el pasado fin de semana.<\/p>\n\n\n\n<p>El Simposio fue una oportunidad incre\u00edble para ver a algunos de los mejores expertos del sector y conocer las \u00faltimas t\u00e9cnicas de color, corte y estilismo.<\/p>\n\n\n\n<p>Durante el evento, pude ver a algunos de los mejores estilistas del mundo, como @samvillahair, @justbhair, @leysahairandmakeup y @traceycunningham1, mientras demostraban sus t\u00e9cnicas y compart\u00edan sus conocimientos con el p\u00fablico.<\/p>\n\n\n\n<p>Sal\u00ed del Simposio Redken sinti\u00e9ndome inspirada y motivada para llevar mis habilidades al siguiente nivel.<\/p>\n\n\n\n<p>En esta entrada del blog, compartir\u00e9 mi experiencia en el Simposio Redken y algunas de las principales conclusiones que saqu\u00e9 del evento.<\/p>\n\n\n\n<hr class=\"wp-block-separator has-alpha-channel-opacity\"\/>\n\n\n\n<div class=\"wp-block-jetpack-tiled-gallery aligncenter is-style-rectangular\"><div class=\"tiled-gallery__gallery\"><div class=\"tiled-gallery__row\"><div class=\"tiled-gallery__col\" style=\"flex-basis:50.00000%\"><figure class=\"tiled-gallery__item\"><img decoding=\"async\" srcset=\"https:\/\/i1.wp.com\/www.armandeus.com\/wp-content\/uploads\/2023\/03\/IMG_0029-1-900x1200.jpg?strip=info&#038;w=600&#038;ssl=1 600w,https:\/\/i1.wp.com\/www.armandeus.com\/wp-content\/uploads\/2023\/03\/IMG_0029-1-900x1200.jpg?strip=info&#038;w=900&#038;ssl=1 900w,https:\/\/i1.wp.com\/www.armandeus.com\/wp-content\/uploads\/2023\/03\/IMG_0029-1-900x1200.jpg?strip=info&#038;w=960&#038;ssl=1 960w\" alt=\"\" data-height=\"1280\" data-id=\"30046\" data-link=\"https:\/\/www.armandeus.com\/my-experience-with-redken-symposium\/img_0029-1\/\" data-url=\"https:\/\/www.armandeus.com\/wp-content\/uploads\/2023\/03\/IMG_0029-1-900x1200.jpg\" data-width=\"960\" src=\"https:\/\/i1.wp.com\/www.armandeus.com\/wp-content\/uploads\/2023\/03\/IMG_0029-1-900x1200.jpg?ssl=1\" data-amp-layout=\"responsive\"\/><\/figure><\/div><div class=\"tiled-gallery__col\" style=\"flex-basis:50.00000%\"><figure class=\"tiled-gallery__item\"><img decoding=\"async\" srcset=\"https:\/\/i0.wp.com\/www.armandeus.com\/wp-content\/uploads\/2023\/03\/IMG_0040-1-900x1200.jpg?strip=info&#038;w=600&#038;ssl=1 600w,https:\/\/i0.wp.com\/www.armandeus.com\/wp-content\/uploads\/2023\/03\/IMG_0040-1-900x1200.jpg?strip=info&#038;w=900&#038;ssl=1 900w,https:\/\/i0.wp.com\/www.armandeus.com\/wp-content\/uploads\/2023\/03\/IMG_0040-1-900x1200.jpg?strip=info&#038;w=960&#038;ssl=1 960w\" alt=\"\" data-height=\"1280\" data-id=\"30047\" data-link=\"https:\/\/www.armandeus.com\/my-experience-with-redken-symposium\/img_0040-1\/\" data-url=\"https:\/\/www.armandeus.com\/wp-content\/uploads\/2023\/03\/IMG_0040-1-900x1200.jpg\" data-width=\"960\" src=\"https:\/\/i0.wp.com\/www.armandeus.com\/wp-content\/uploads\/2023\/03\/IMG_0040-1-900x1200.jpg?ssl=1\" data-amp-layout=\"responsive\"\/><\/figure><\/div><\/div><\/div><\/div>\n\n\n\n<hr class=\"wp-block-separator has-alpha-channel-opacity\"\/>\n\n\n\n<h3 class=\"wp-block-heading\" id=\"h-redken-the-brand\">Redken The Brand<\/h3>\n\n\n\n<p>Antes de adentrarme en mi experiencia en el Simposio, es importante entender la marca Redken y lo que representa.<\/p>\n\n\n\n<p>Redken es l\u00edder mundial en el sector del cuidado profesional del cabello y ofrece una amplia gama de productos y servicios a los peluqueros y sus clientes.<\/p>\n\n\n\n<p>Lo que diferencia a Redken de otras marcas es su compromiso con la educaci\u00f3n y la innovaci\u00f3n.<\/p>\n\n\n\n<p>La empresa trabaja constantemente para desarrollar t\u00e9cnicas y productos nuevos y mejorados que ayuden a los peluqueros a alcanzar sus objetivos y ofrecer a sus clientes el mejor servicio posible.<\/p>\n\n\n\n<p>Este compromiso con la educaci\u00f3n y la innovaci\u00f3n se pone de manifiesto en el Simposio Redken, que es uno de los eventos m\u00e1s importantes y prestigiosos del sector.<\/p>\n\n\n\n<p>El Simposio re\u00fane a peluqueros de todo el mundo para aprender unos de otros y compartir sus conocimientos y experiencias.<\/p>\n\n\n\n<h3 class=\"wp-block-heading\" id=\"h-the-venue\">El Lugar<\/h3>\n\n\n\n<p>El Simposio Redken se celebr\u00f3 en el Centro de Convenciones de Orlando, un lugar impresionante y moderno.<\/p>\n\n\n\n<p>El Centro de Convenciones es un espacio amplio y di\u00e1fano, perfecto para albergar el Simposio, ya que permite m\u00faltiples escenarios y amplios asientos para los miles de asistentes.<\/p>\n\n\n\n<p>Los montajes del escenario eran impresionantes, con grandes pantallas y una iluminaci\u00f3n excelente que facilitaban la visi\u00f3n de las demostraciones y t\u00e9cnicas que se mostraban.<\/p>\n\n\n\n<p>La calidad del sonido tambi\u00e9n fue excelente, lo que era importante dado el gran tama\u00f1o del recinto.<\/p>\n\n\n\n<p>El Centro de Convenciones tambi\u00e9n estaba bien organizado, con una se\u00f1alizaci\u00f3n clara y un personal servicial que siempre estaba disponible para responder a las preguntas o prestar asistencia.<\/p>\n\n\n\n<h3 class=\"wp-block-heading\" id=\"h-the-speakers\">Los Presentadores<\/h3>\n\n\n\n<p>Uno de los aspectos m\u00e1s destacados del Simposio Redken fue el incre\u00edble elenco de ponentes y presentadores.<\/p>\n\n\n\n<p>Adem\u00e1s de los mejores peluqueros de la industria, el Simposio tambi\u00e9n cont\u00f3 con presentaciones de ejecutivos de Redken y desarrolladores de productos, que compartieron sus ideas y conocimientos con el p\u00fablico.<\/p>\n\n\n\n<p>Todos los ponentes estaban muy bien informados y les apasionaba su trabajo, lo que qued\u00f3 patente en sus presentaciones.<\/p>\n\n\n\n<p>Compartieron una gran cantidad de informaci\u00f3n sobre las \u00faltimas tendencias y t\u00e9cnicas de color, corte y peinado, y proporcionaron consejos y trucos que puedo utilizar en mi propio sal\u00f3n.<\/p>\n\n\n\n<p>Lo que m\u00e1s apreci\u00e9 de los ponentes fue su disposici\u00f3n a compartir tanto sus fracasos como sus \u00e9xitos.<\/p>\n\n\n\n<p>Fueron sinceros sobre los retos a los que se han enfrentado en sus carreras y los errores que han cometido en el camino.<\/p>\n\n\n\n<p>Fue un valioso recordatorio de que incluso los mejores peluqueros del mundo han tenido dificultades en alguna ocasi\u00f3n, y de que es importante seguir aprendiendo y creciendo para alcanzar el \u00e9xito.<\/p>\n\n\n\n<hr class=\"wp-block-separator has-alpha-channel-opacity\"\/>\n\n\n\n<div class=\"wp-block-jetpack-tiled-gallery aligncenter is-style-rectangular\"><div class=\"tiled-gallery__gallery\"><div class=\"tiled-gallery__row\"><div class=\"tiled-gallery__col\" style=\"flex-basis:100.00000%\"><figure class=\"tiled-gallery__item\"><img decoding=\"async\" srcset=\"https:\/\/i2.wp.com\/www.armandeus.com\/wp-content\/uploads\/2023\/03\/IMG_0041-1-1024x768.jpg?strip=info&#038;w=600&#038;ssl=1 600w,https:\/\/i2.wp.com\/www.armandeus.com\/wp-content\/uploads\/2023\/03\/IMG_0041-1-1024x768.jpg?strip=info&#038;w=900&#038;ssl=1 900w,https:\/\/i2.wp.com\/www.armandeus.com\/wp-content\/uploads\/2023\/03\/IMG_0041-1-1024x768.jpg?strip=info&#038;w=1200&#038;ssl=1 1200w,https:\/\/i2.wp.com\/www.armandeus.com\/wp-content\/uploads\/2023\/03\/IMG_0041-1-1024x768.jpg?strip=info&#038;w=1280&#038;ssl=1 1280w\" alt=\"\" data-height=\"960\" data-id=\"30048\" data-link=\"https:\/\/www.armandeus.com\/my-experience-with-redken-symposium\/img_0041-1\/\" data-url=\"https:\/\/www.armandeus.com\/wp-content\/uploads\/2023\/03\/IMG_0041-1-1024x768.jpg\" data-width=\"1280\" src=\"https:\/\/i2.wp.com\/www.armandeus.com\/wp-content\/uploads\/2023\/03\/IMG_0041-1-1024x768.jpg?ssl=1\" data-amp-layout=\"responsive\"\/><\/figure><\/div><\/div><\/div><\/div>\n\n\n\n<hr class=\"wp-block-separator has-alpha-channel-opacity\"\/>\n\n\n\n<h3 class=\"wp-block-heading\" id=\"h-the-techniques\">Tecnicas<\/h3>\n\n\n\n<p>Una de las principales razones por las que asist\u00ed al Simposio Redken fue para conocer las \u00faltimas t\u00e9cnicas en color, corte y estilismo. No me decepcion\u00f3.<\/p>\n\n\n\n<p>Las demostraciones y presentaciones fueron incre\u00edblemente informativas y me aportaron nuevas ideas e inspiraci\u00f3n para mi propio trabajo.<\/p>\n\n\n\n<p>Una de las t\u00e9cnicas que m\u00e1s me llam\u00f3 la atenci\u00f3n fue el balayage. <\/p>\n\n\n\n<p>Se trata de una t\u00e9cnica de coloraci\u00f3n que consiste en pintar a mano el color sobre el cabello, en lugar de utilizar l\u00e1minas.<\/p>\n\n\n\n<p>El balayage crea un look natural y bronceado que es perfecto para los clientes que desean un cambio sutil o un estilo de bajo mantenimiento.<\/p>\n\n\n\n<p>Otra t\u00e9cnica que aprend\u00ed fue el corte en seco.<\/p>\n\n\n\n<p>Se trata de una t\u00e9cnica de corte que se realiza sobre el cabello seco, en lugar de mojado.<\/p>\n\n\n\n<p>El corte en seco permite al estilista ver el movimiento natural y la textura del cabello, y crear un estilo que se adapte a las necesidades individuales del cliente.<\/p>\n\n\n\n<h3 class=\"wp-block-heading\" id=\"h-the-products\">Los Productos<\/h3>\n\n\n\n<p>Adem\u00e1s de aprender nuevas t\u00e9cnicas, el Simposio Redken fue tambi\u00e9n una gran oportunidad para conocer los nuevos productos y servicios disponibles para los peluqueros y sus clientes.<\/p>\n\n\n\n<p>Uno de los productos que conoc\u00ed fue el Redken Shades EQ Gloss.<\/p>\n\n\n\n<p>This is a demi-permanent haircolor that provides rich, vibrant color and shine without damaging the hair. <br><br>Es perfecto para las clientas que quieren a\u00f1adir un toque de color a su cabello sin comprometerse a un cambio permanente.<\/p>\n\n\n\n<p>Tambi\u00e9n conoc\u00ed la gama Redken Dry Texture, que incluye una variedad de productos dise\u00f1ados para a\u00f1adir textura y volumen al cabello.<\/p>\n\n\n\n<p>Estos productos son perfectos para las clientas que desean un aspecto despeinado y playero o que tienen un cabello fino y lacio que necesita un impulso.<\/p>\n\n\n\n<h3 class=\"wp-block-heading\" id=\"h-the-networking\">La Red<\/h3>\n\n\n\n<p>Uno de los beneficios inesperados de asistir al Simposio Redken fue la oportunidad de establecer contactos con otros peluqueros de todo el mundo.<\/p>\n\n\n\n<p>Al acto asistieron miles de peluqueros, lo que brind\u00f3 amplias oportunidades para conocer gente nueva y establecer contactos.<\/p>\n\n\n\n<p>Pude ponerme en contacto con peluqueros de distintas partes del mundo, cada uno con sus propias perspectivas y experiencias.<\/p>\n\n\n\n<p>Pudimos compartir trucos y consejos, y hablar de los retos y oportunidades que se nos presentan en nuestro trabajo.<\/p>\n\n\n\n<p>Este trabajo en red fue valioso no s\u00f3lo por las conexiones que hice, sino tambi\u00e9n por la inspiraci\u00f3n que obtuve. <br><br>Escuchar las experiencias y los \u00e9xitos de otros peluqueros fue un poderoso recordatorio del impacto que podemos tener en nuestros clientes y en el sector en su conjunto.<\/p>\n\n\n\n<h3 class=\"wp-block-heading\" id=\"h-the-inspiration\">La Inspiracion<\/h3>\n\n\n\n<p>Quiz\u00e1 el aspecto m\u00e1s valioso del Simposio Redken fue la inspiraci\u00f3n que me proporcion\u00f3 el evento.<\/p>\n\n\n\n<p>Ver el incre\u00edble trabajo de los mejores peluqueros del sector fue un poderoso recordatorio de lo que es posible cuando nos esforzamos por dar lo mejor de nosotros mismos.<\/p>\n\n\n\n<p>El Simposio me dej\u00f3 motivado y lleno de energ\u00eda, con un renovado sentido de la finalidad y la pasi\u00f3n por mi trabajo.<\/p>\n\n\n\n<p>Me entusiasma la idea de aplicar en mi propio sal\u00f3n las t\u00e9cnicas e ideas que aprend\u00ed en el evento, para ofrecer a mis clientes el mejor servicio posible.<\/p>\n\n\n\n<h3 class=\"wp-block-heading\" id=\"h-conclusion\">Conclusi\u00f3n<\/h3>\n\n\n\n<p>El Simposio Redken fue una experiencia incre\u00edble que nunca olvidar\u00e9.<\/p>\n\n\n\n<p>El acto me proporcion\u00f3 valiosas ideas, t\u00e9cnicas e inspiraci\u00f3n que llevar\u00e9 conmigo a lo largo de mi carrera.<\/p>\n\n\n\n<p>I would highly recommend the Symposium to any hairstylist who is looking to improve their skills and provide their clients with the best possible service.<\/p>\n\n\n\n<p>Es una inversi\u00f3n en ti mismo y en tu carrera que merece la pena.<\/p>\n\n\n\n<h3 class=\"wp-block-heading\" id=\"h-final-thoughts\">Pensamientos Finales<\/h3>\n\n\n\n<p>Asistir al Simposio Redken fue una experiencia \u00fanica en la vida que siempre recordar\u00e9 con cari\u00f1o.<\/p>\n\n\n\n<p>El acto fue un testimonio del poder de la educaci\u00f3n y la innovaci\u00f3n, y del incre\u00edble impacto que los peluqueros pueden tener en sus clientes y en el sector en su conjunto.<\/p>\n\n\n\n<p>Agradezco la oportunidad de haber asistido al Simposio y las valiosas ideas e inspiraci\u00f3n que me ha proporcionado. <\/p>\n\n\n\n<pre class=\"wp-block-verse\">Me entusiasma poder aplicar estos conocimientos a mi propio trabajo para ofrecer a mis clientes el mejor servicio posible.<\/pre>\n\n\n\n<hr class=\"wp-block-separator has-alpha-channel-opacity\"\/>\n\n\n\n<blockquote class=\"tiktok-embed\" cite=\"https:\/\/www.tiktok.com\/@mphairstyle\/video\/7212788383012130091\" data-video-id=\"7212788383012130091\" style=\"max-width: 605px;min-width: 325px;\" > <section> <a target=\"_blank\" title=\"@mphairstyle\" href=\"https:\/\/www.tiktok.com\/@mphairstyle?refer=embed\" rel=\"noopener\">@mphairstyle<\/a> Attending the Redken Symposium was a once-in-a-lifetime experience that I will always cherish. The event was a testament to the power of education and innovation, and to the incredible impact that hairstylists can have on their clients and the industry as a whole. I\u2019m grateful for the opportunity to have attended the Symposium, and for the valuable insights and inspiration that I gained from the event. I\u2019m excited to take these learnings and apply them in my own work, to provide my clients with the best possible service. <a title=\"redken\" target=\"_blank\" href=\"https:\/\/www.tiktok.com\/tag\/redken?refer=embed\" rel=\"noopener\">#redken<\/a> <a title=\"haireducation\" target=\"_blank\" href=\"https:\/\/www.tiktok.com\/tag\/haireducation?refer=embed\" rel=\"noopener\">#haireducation<\/a> <a title=\"aventuramiami\" target=\"_blank\" href=\"https:\/\/www.tiktok.com\/tag\/aventuramiami?refer=embed\" rel=\"noopener\">#aventuramiami<\/a> <a target=\"_blank\" title=\"\u266c original sound - Mary Priore\" href=\"https:\/\/www.tiktok.com\/music\/original-sound-7212788406019476270?refer=embed\" rel=\"noopener\">\u266c original sound &#8211; Mary Priore<\/a> <\/section> <\/blockquote> <script async src=\"https:\/\/www.tiktok.com\/embed.js\"><\/script>\n\n\n\n<hr class=\"wp-block-separator has-alpha-channel-opacity\"\/>\n\n\n\n<p><em><strong>By <\/strong><\/em><a href=\"https:\/\/www.instagram.com\/mphairstyle\/\" target=\"_blank\" rel=\"noreferrer noopener\"><em><strong>Mary Priore<\/strong><\/em> <\/a><\/p>\n\n\n\n<hr class=\"wp-block-separator has-alpha-channel-opacity\"\/>","protected":false},"excerpt":{"rendered":"<p>El acto fue un testimonio del poder de la educaci\u00f3n y la innovaci\u00f3n, y del incre\u00edble impacto que los peluqueros pueden tener en sus clientes y en el sector en su conjunto.<\/p>","protected":false},"author":1,"featured_media":30041,"comment_status":"closed","ping_status":"closed","sticky":false,"template":"","format":"standard","meta":{"_acf_changed":false,"_exactmetrics_skip_tracking":false,"_exactmetrics_sitenote_active":false,"_exactmetrics_sitenote_note":"","_exactmetrics_sitenote_category":0,"footnotes":"","_jetpack_memberships_contains_paid_content":false},"categories":[597,14],"tags":[],"acf":[],"yoast_head":"<!-- This site is optimized with the Yoast SEO Premium plugin v23.3 (Yoast SEO v23.3) - https:\/\/yoast.com\/wordpress\/plugins\/seo\/ -->\n<title>My Experience with Redken Symposium<\/title>\n<meta name=\"description\" content=\"Hair Salon Armandeus - Hair Salon Miami - Hair Salon Orlando - Best Hair Salon - Hair Extensions Balayage\" \/>\n<meta name=\"robots\" content=\"index, follow, max-snippet:-1, max-image-preview:large, max-video-preview:-1\" \/>\n<link rel=\"canonical\" href=\"https:\/\/www.armandeus.com\/es\/my-experience-with-redken-symposium\/\" \/>\n<meta property=\"og:locale\" content=\"es_ES\" \/>\n<meta property=\"og:type\" content=\"article\" \/>\n<meta property=\"og:title\" content=\"My Experience with Redken Symposium\" \/>\n<meta property=\"og:description\" content=\"Best hair salon in Miami and Orlando Florida\" \/>\n<meta property=\"og:url\" content=\"https:\/\/www.armandeus.com\/es\/my-experience-with-redken-symposium\/\" \/>\n<meta property=\"og:site_name\" content=\"Hair Salon Armandeus\" \/>\n<meta property=\"article:publisher\" content=\"https:\/\/www.facebook.com\/salonarmandeus\" \/>\n<meta property=\"article:published_time\" content=\"2023-03-20T23:08:00+00:00\" \/>\n<meta property=\"article:modified_time\" content=\"2023-03-21T15:58:52+00:00\" \/>\n<meta property=\"og:image\" content=\"https:\/\/www.armandeus.com\/wp-content\/uploads\/2023\/03\/IMG_0041.jpg\" \/>\n\t<meta property=\"og:image:width\" content=\"1280\" \/>\n\t<meta property=\"og:image:height\" content=\"960\" \/>\n\t<meta property=\"og:image:type\" content=\"image\/jpeg\" \/>\n<meta name=\"author\" content=\"Salon Armandeus\" \/>\n<meta name=\"twitter:card\" content=\"summary_large_image\" \/>\n<meta name=\"twitter:creator\" content=\"@salonarmandeus\" \/>\n<meta name=\"twitter:site\" content=\"@salonarmandeus\" \/>\n<meta name=\"twitter:label1\" content=\"Escrito por\" \/>\n\t<meta name=\"twitter:data1\" content=\"Salon Armandeus\" \/>\n\t<meta name=\"twitter:label2\" content=\"Tiempo estimado de lectura\" \/>\n\t<meta name=\"twitter:data2\" content=\"7 minutos\" \/>\n<script type=\"application\/ld+json\" class=\"yoast-schema-graph\">{\"@context\":\"https:\/\/schema.org\",\"@graph\":[{\"@type\":\"Article\",\"@id\":\"https:\/\/www.armandeus.com\/my-experience-with-redken-symposium\/#article\",\"isPartOf\":{\"@id\":\"https:\/\/www.armandeus.com\/my-experience-with-redken-symposium\/\"},\"author\":{\"name\":\"Salon Armandeus\",\"@id\":\"https:\/\/www.armandeus.com\/#\/schema\/person\/4d85f93797bfeb651f26bf572b6b6735\"},\"headline\":\"My Experience with Redken Symposium\",\"datePublished\":\"2023-03-20T23:08:00+00:00\",\"dateModified\":\"2023-03-21T15:58:52+00:00\",\"mainEntityOfPage\":{\"@id\":\"https:\/\/www.armandeus.com\/my-experience-with-redken-symposium\/\"},\"wordCount\":1313,\"publisher\":{\"@id\":\"https:\/\/www.armandeus.com\/#organization\"},\"image\":{\"@id\":\"https:\/\/www.armandeus.com\/my-experience-with-redken-symposium\/#primaryimage\"},\"thumbnailUrl\":\"https:\/\/i0.wp.com\/www.armandeus.com\/wp-content\/uploads\/2023\/03\/IMG_0041.jpg?fit=1280%2C960&ssl=1\",\"articleSection\":[\"Blog\",\"News\"],\"inLanguage\":\"es\"},{\"@type\":\"WebPage\",\"@id\":\"https:\/\/www.armandeus.com\/my-experience-with-redken-symposium\/\",\"url\":\"https:\/\/www.armandeus.com\/my-experience-with-redken-symposium\/\",\"name\":\"My Experience with Redken Symposium\",\"isPartOf\":{\"@id\":\"https:\/\/www.armandeus.com\/#website\"},\"primaryImageOfPage\":{\"@id\":\"https:\/\/www.armandeus.com\/my-experience-with-redken-symposium\/#primaryimage\"},\"image\":{\"@id\":\"https:\/\/www.armandeus.com\/my-experience-with-redken-symposium\/#primaryimage\"},\"thumbnailUrl\":\"https:\/\/i0.wp.com\/www.armandeus.com\/wp-content\/uploads\/2023\/03\/IMG_0041.jpg?fit=1280%2C960&ssl=1\",\"datePublished\":\"2023-03-20T23:08:00+00:00\",\"dateModified\":\"2023-03-21T15:58:52+00:00\",\"description\":\"Hair Salon Armandeus - Hair Salon Miami - Hair Salon Orlando - Best Hair Salon - Hair Extensions Balayage\",\"breadcrumb\":{\"@id\":\"https:\/\/www.armandeus.com\/my-experience-with-redken-symposium\/#breadcrumb\"},\"inLanguage\":\"es\",\"potentialAction\":[{\"@type\":\"ReadAction\",\"target\":[\"https:\/\/www.armandeus.com\/my-experience-with-redken-symposium\/\"]}]},{\"@type\":\"ImageObject\",\"inLanguage\":\"es\",\"@id\":\"https:\/\/www.armandeus.com\/my-experience-with-redken-symposium\/#primaryimage\",\"url\":\"https:\/\/i0.wp.com\/www.armandeus.com\/wp-content\/uploads\/2023\/03\/IMG_0041.jpg?fit=1280%2C960&ssl=1\",\"contentUrl\":\"https:\/\/i0.wp.com\/www.armandeus.com\/wp-content\/uploads\/2023\/03\/IMG_0041.jpg?fit=1280%2C960&ssl=1\",\"width\":1280,\"height\":960},{\"@type\":\"BreadcrumbList\",\"@id\":\"https:\/\/www.armandeus.com\/my-experience-with-redken-symposium\/#breadcrumb\",\"itemListElement\":[{\"@type\":\"ListItem\",\"position\":1,\"name\":\"Home\",\"item\":\"https:\/\/www.armandeus.com\/\"},{\"@type\":\"ListItem\",\"position\":2,\"name\":\"My Experience with Redken Symposium\"}]},{\"@type\":\"WebSite\",\"@id\":\"https:\/\/www.armandeus.com\/#website\",\"url\":\"https:\/\/www.armandeus.com\/\",\"name\":\"Hair Salon Armandeus\",\"description\":\"Miami Orlando Madrid Caracas\",\"publisher\":{\"@id\":\"https:\/\/www.armandeus.com\/#organization\"},\"alternateName\":\"Salon Armandeus\",\"potentialAction\":[{\"@type\":\"SearchAction\",\"target\":{\"@type\":\"EntryPoint\",\"urlTemplate\":\"https:\/\/www.armandeus.com\/?s={search_term_string}\"},\"query-input\":\"required name=search_term_string\"}],\"inLanguage\":\"es\"},{\"@type\":\"Organization\",\"@id\":\"https:\/\/www.armandeus.com\/#organization\",\"name\":\"Hair Salon Armandeus\",\"alternateName\":\"Salon Armandeus\",\"url\":\"https:\/\/www.armandeus.com\/\",\"logo\":{\"@type\":\"ImageObject\",\"inLanguage\":\"es\",\"@id\":\"https:\/\/www.armandeus.com\/#\/schema\/logo\/image\/\",\"url\":\"https:\/\/i0.wp.com\/www.armandeus.com\/wp-content\/uploads\/2016\/09\/logo-x2.png?fit=1024%2C1024&ssl=1\",\"contentUrl\":\"https:\/\/i0.wp.com\/www.armandeus.com\/wp-content\/uploads\/2016\/09\/logo-x2.png?fit=1024%2C1024&ssl=1\",\"width\":1024,\"height\":1024,\"caption\":\"Hair Salon Armandeus\"},\"image\":{\"@id\":\"https:\/\/www.armandeus.com\/#\/schema\/logo\/image\/\"},\"sameAs\":[\"https:\/\/www.facebook.com\/salonarmandeus\",\"https:\/\/x.com\/salonarmandeus\",\"https:\/\/www.instagram.com\/salonarmandeus\/\",\"http:\/\/youtube.com\/salonarmandeus\"]},{\"@type\":\"Person\",\"@id\":\"https:\/\/www.armandeus.com\/#\/schema\/person\/4d85f93797bfeb651f26bf572b6b6735\",\"name\":\"Salon Armandeus\",\"image\":{\"@type\":\"ImageObject\",\"inLanguage\":\"es\",\"@id\":\"https:\/\/www.armandeus.com\/#\/schema\/person\/image\/\",\"url\":\"https:\/\/secure.gravatar.com\/avatar\/d0402580d8a3a63ece74dcdf02562415?s=96&d=blank&r=g\",\"contentUrl\":\"https:\/\/secure.gravatar.com\/avatar\/d0402580d8a3a63ece74dcdf02562415?s=96&d=blank&r=g\",\"caption\":\"Salon Armandeus\"}}]}<\/script>\n<!-- \/ Yoast SEO Premium plugin. -->","yoast_head_json":{"title":"My Experience with Redken Symposium","description":"Hair Salon Armandeus - Hair Salon Miami - Hair Salon Orlando - Best Hair Salon - Hair Extensions Balayage","robots":{"index":"index","follow":"follow","max-snippet":"max-snippet:-1","max-image-preview":"max-image-preview:large","max-video-preview":"max-video-preview:-1"},"canonical":"https:\/\/www.armandeus.com\/es\/my-experience-with-redken-symposium\/","og_locale":"es_ES","og_type":"article","og_title":"My Experience with Redken Symposium","og_description":"Best hair salon in Miami and Orlando Florida","og_url":"https:\/\/www.armandeus.com\/es\/my-experience-with-redken-symposium\/","og_site_name":"Hair Salon Armandeus","article_publisher":"https:\/\/www.facebook.com\/salonarmandeus","article_published_time":"2023-03-20T23:08:00+00:00","article_modified_time":"2023-03-21T15:58:52+00:00","og_image":[{"width":1280,"height":960,"url":"https:\/\/www.armandeus.com\/wp-content\/uploads\/2023\/03\/IMG_0041.jpg","type":"image\/jpeg"}],"author":"Salon Armandeus","twitter_card":"summary_large_image","twitter_creator":"@salonarmandeus","twitter_site":"@salonarmandeus","twitter_misc":{"Escrito por":"Salon Armandeus","Tiempo estimado de lectura":"7 minutos"},"schema":{"@context":"https:\/\/schema.org","@graph":[{"@type":"Article","@id":"https:\/\/www.armandeus.com\/my-experience-with-redken-symposium\/#article","isPartOf":{"@id":"https:\/\/www.armandeus.com\/my-experience-with-redken-symposium\/"},"author":{"name":"Salon Armandeus","@id":"https:\/\/www.armandeus.com\/#\/schema\/person\/4d85f93797bfeb651f26bf572b6b6735"},"headline":"My Experience with Redken Symposium","datePublished":"2023-03-20T23:08:00+00:00","dateModified":"2023-03-21T15:58:52+00:00","mainEntityOfPage":{"@id":"https:\/\/www.armandeus.com\/my-experience-with-redken-symposium\/"},"wordCount":1313,"publisher":{"@id":"https:\/\/www.armandeus.com\/#organization"},"image":{"@id":"https:\/\/www.armandeus.com\/my-experience-with-redken-symposium\/#primaryimage"},"thumbnailUrl":"https:\/\/i0.wp.com\/www.armandeus.com\/wp-content\/uploads\/2023\/03\/IMG_0041.jpg?fit=1280%2C960&ssl=1","articleSection":["Blog","News"],"inLanguage":"es"},{"@type":"WebPage","@id":"https:\/\/www.armandeus.com\/my-experience-with-redken-symposium\/","url":"https:\/\/www.armandeus.com\/my-experience-with-redken-symposium\/","name":"My Experience with Redken Symposium","isPartOf":{"@id":"https:\/\/www.armandeus.com\/#website"},"primaryImageOfPage":{"@id":"https:\/\/www.armandeus.com\/my-experience-with-redken-symposium\/#primaryimage"},"image":{"@id":"https:\/\/www.armandeus.com\/my-experience-with-redken-symposium\/#primaryimage"},"thumbnailUrl":"https:\/\/i0.wp.com\/www.armandeus.com\/wp-content\/uploads\/2023\/03\/IMG_0041.jpg?fit=1280%2C960&ssl=1","datePublished":"2023-03-20T23:08:00+00:00","dateModified":"2023-03-21T15:58:52+00:00","description":"Hair Salon Armandeus - Hair Salon Miami - Hair Salon Orlando - Best Hair Salon - Hair Extensions Balayage","breadcrumb":{"@id":"https:\/\/www.armandeus.com\/my-experience-with-redken-symposium\/#breadcrumb"},"inLanguage":"es","potentialAction":[{"@type":"ReadAction","target":["https:\/\/www.armandeus.com\/my-experience-with-redken-symposium\/"]}]},{"@type":"ImageObject","inLanguage":"es","@id":"https:\/\/www.armandeus.com\/my-experience-with-redken-symposium\/#primaryimage","url":"https:\/\/i0.wp.com\/www.armandeus.com\/wp-content\/uploads\/2023\/03\/IMG_0041.jpg?fit=1280%2C960&ssl=1","contentUrl":"https:\/\/i0.wp.com\/www.armandeus.com\/wp-content\/uploads\/2023\/03\/IMG_0041.jpg?fit=1280%2C960&ssl=1","width":1280,"height":960},{"@type":"BreadcrumbList","@id":"https:\/\/www.armandeus.com\/my-experience-with-redken-symposium\/#breadcrumb","itemListElement":[{"@type":"ListItem","position":1,"name":"Home","item":"https:\/\/www.armandeus.com\/"},{"@type":"ListItem","position":2,"name":"My Experience with Redken Symposium"}]},{"@type":"WebSite","@id":"https:\/\/www.armandeus.com\/#website","url":"https:\/\/www.armandeus.com\/","name":"Hair Salon Armandeus","description":"Miami Orlando Madrid Caracas","publisher":{"@id":"https:\/\/www.armandeus.com\/#organization"},"alternateName":"Salon Armandeus","potentialAction":[{"@type":"SearchAction","target":{"@type":"EntryPoint","urlTemplate":"https:\/\/www.armandeus.com\/?s={search_term_string}"},"query-input":"required name=search_term_string"}],"inLanguage":"es"},{"@type":"Organization","@id":"https:\/\/www.armandeus.com\/#organization","name":"Hair Salon Armandeus","alternateName":"Salon Armandeus","url":"https:\/\/www.armandeus.com\/","logo":{"@type":"ImageObject","inLanguage":"es","@id":"https:\/\/www.armandeus.com\/#\/schema\/logo\/image\/","url":"https:\/\/i0.wp.com\/www.armandeus.com\/wp-content\/uploads\/2016\/09\/logo-x2.png?fit=1024%2C1024&ssl=1","contentUrl":"https:\/\/i0.wp.com\/www.armandeus.com\/wp-content\/uploads\/2016\/09\/logo-x2.png?fit=1024%2C1024&ssl=1","width":1024,"height":1024,"caption":"Hair Salon Armandeus"},"image":{"@id":"https:\/\/www.armandeus.com\/#\/schema\/logo\/image\/"},"sameAs":["https:\/\/www.facebook.com\/salonarmandeus","https:\/\/x.com\/salonarmandeus","https:\/\/www.instagram.com\/salonarmandeus\/","http:\/\/youtube.com\/salonarmandeus"]},{"@type":"Person","@id":"https:\/\/www.armandeus.com\/#\/schema\/person\/4d85f93797bfeb651f26bf572b6b6735","name":"Salon Armandeus","image":{"@type":"ImageObject","inLanguage":"es","@id":"https:\/\/www.armandeus.com\/#\/schema\/person\/image\/","url":"https:\/\/secure.gravatar.com\/avatar\/d0402580d8a3a63ece74dcdf02562415?s=96&d=blank&r=g","contentUrl":"https:\/\/secure.gravatar.com\/avatar\/d0402580d8a3a63ece74dcdf02562415?s=96&d=blank&r=g","caption":"Salon Armandeus"}}]}},"jetpack_sharing_enabled":true,"jetpack_featured_media_url":"https:\/\/i0.wp.com\/www.armandeus.com\/wp-content\/uploads\/2023\/03\/IMG_0041.jpg?fit=1280%2C960&ssl=1","jetpack-related-posts":[],"amp_enabled":true,"_links":{"self":[{"href":"https:\/\/www.armandeus.com\/es\/wp-json\/wp\/v2\/posts\/30032"}],"collection":[{"href":"https:\/\/www.armandeus.com\/es\/wp-json\/wp\/v2\/posts"}],"about":[{"href":"https:\/\/www.armandeus.com\/es\/wp-json\/wp\/v2\/types\/post"}],"author":[{"embeddable":true,"href":"https:\/\/www.armandeus.com\/es\/wp-json\/wp\/v2\/users\/1"}],"replies":[{"embeddable":true,"href":"https:\/\/www.armandeus.com\/es\/wp-json\/wp\/v2\/comments?post=30032"}],"version-history":[{"count":8,"href":"https:\/\/www.armandeus.com\/es\/wp-json\/wp\/v2\/posts\/30032\/revisions"}],"predecessor-version":[{"id":30055,"href":"https:\/\/www.armandeus.com\/es\/wp-json\/wp\/v2\/posts\/30032\/revisions\/30055"}],"wp:featuredmedia":[{"embeddable":true,"href":"https:\/\/www.armandeus.com\/es\/wp-json\/wp\/v2\/media\/30041"}],"wp:attachment":[{"href":"https:\/\/www.armandeus.com\/es\/wp-json\/wp\/v2\/media?parent=30032"}],"wp:term":[{"taxonomy":"category","embeddable":true,"href":"https:\/\/www.armandeus.com\/es\/wp-json\/wp\/v2\/categories?post=30032"},{"taxonomy":"post_tag","embeddable":true,"href":"https:\/\/www.armandeus.com\/es\/wp-json\/wp\/v2\/tags?post=30032"}],"curies":[{"name":"wp","href":"https:\/\/api.w.org\/{rel}","templated":true}]}}