{"id":30057,"date":"2023-04-01T12:12:07","date_gmt":"2023-04-01T12:12:07","guid":{"rendered":"https:\/\/www.armandeus.com\/?p=30057"},"modified":"2023-04-01T12:20:50","modified_gmt":"2023-04-01T12:20:50","slug":"which-one-is-the-best-haircut-for-you","status":"publish","type":"post","link":"https:\/\/www.armandeus.com\/es\/which-one-is-the-best-haircut-for-you\/","title":{"rendered":"Cual es el mejor corte de cabello para ti"},"content":{"rendered":"<hr class=\"wp-block-separator has-alpha-channel-opacity\"\/>\n\n\n\n<h2 class=\"wp-block-heading\" id=\"h-get-a-fresh-look-for-spring\">Obt\u00e9n un nuevo look para esas primaveras<\/h2>\n\n\n\n<p>Elegir el corte de pelo adecuado puede ser una tarea desalentadora. Hay muchas opciones entre las que elegir, y cada corte tiene su propio estilo y caracter\u00edsticas. En este art\u00edculo hablaremos de cinco cortes de pelo muy populares: Butterfly, Bixie, Shag, Pixie y Mullet. Desglosaremos cada uno de ellos, te daremos sus pros y sus contras y te ayudaremos a determinar cu\u00e1l es el que m\u00e1s te favorece.<\/p>\n\n\n\n<p>As\u00ed que vamos a explorar en profundidad cada uno de estos cortes de pelo.<\/p>\n\n\n\n<hr class=\"wp-block-separator has-alpha-channel-opacity\"\/>\n\n\n\n<h2 class=\"wp-block-heading\"><strong>The Butterfly Haircut<\/strong><\/h2>\n\n\n\n<figure class=\"wp-block-gallery has-nested-images columns-default is-cropped wp-block-gallery-1 is-layout-flex wp-block-gallery-is-layout-flex\">\n<figure class=\"wp-block-image size-large\"><img loading=\"lazy\" decoding=\"async\" width=\"1024\" height=\"1024\" data-id=\"30062\" src=\"https:\/\/i0.wp.com\/www.armandeus.com\/wp-content\/uploads\/2023\/04\/butterfly-cut.jpg?resize=1024%2C1024&#038;ssl=1\" alt=\"\" class=\"wp-image-30062\" srcset=\"https:\/\/i0.wp.com\/www.armandeus.com\/wp-content\/uploads\/2023\/04\/butterfly-cut.jpg?resize=1024%2C1024&amp;ssl=1 1024w, https:\/\/i0.wp.com\/www.armandeus.com\/wp-content\/uploads\/2023\/04\/butterfly-cut.jpg?resize=300%2C300&amp;ssl=1 300w, https:\/\/i0.wp.com\/www.armandeus.com\/wp-content\/uploads\/2023\/04\/butterfly-cut.jpg?resize=12%2C12&amp;ssl=1 12w, https:\/\/i0.wp.com\/www.armandeus.com\/wp-content\/uploads\/2023\/04\/butterfly-cut.jpg?resize=75%2C75&amp;ssl=1 75w, https:\/\/i0.wp.com\/www.armandeus.com\/wp-content\/uploads\/2023\/04\/butterfly-cut.jpg?resize=50%2C50&amp;ssl=1 50w, https:\/\/i0.wp.com\/www.armandeus.com\/wp-content\/uploads\/2023\/04\/butterfly-cut.jpg?resize=330%2C330&amp;ssl=1 330w, https:\/\/i0.wp.com\/www.armandeus.com\/wp-content\/uploads\/2023\/04\/butterfly-cut.jpg?resize=100%2C100&amp;ssl=1 100w, https:\/\/i0.wp.com\/www.armandeus.com\/wp-content\/uploads\/2023\/04\/butterfly-cut.jpg?w=1080&amp;ssl=1 1080w\" sizes=\"(max-width: 1024px) 100vw, 1024px\" data-recalc-dims=\"1\" \/><\/figure>\n<\/figure>\n\n\n\n<p>El corte de pelo Mariposa es un corte a capas con un flequillo largo que enmarca el cabello. Este corte debe su nombre a la forma en que el pelo cae alrededor de la cara, asemej\u00e1ndose a las alas de una mariposa. El corte de pelo Mariposa es perfecto para quienes tienen el pelo largo y quieren a\u00f1adir textura y movimiento a su cabello.<\/p>\n\n\n\n<p>A Favor<\/p>\n\n\n\n<p>A\u00f1ade volumen y textura al cabello largo.- Enmarca perfectamente el rostro.- Se puede llevar tanto liso como rizado.<\/p>\n\n\n\n<p>En Contra<\/p>\n\n\n\n<p>Requiere mantenimiento para mantener las capas frescas.- Puede no ser adecuado para aquellos con el pelo fino.- El largo flequillo de plumas puede no ser adecuado para todos.<\/p>\n\n\n\n<hr class=\"wp-block-separator has-alpha-channel-opacity\"\/>\n\n\n\n<h2 class=\"wp-block-heading\"><strong>The Bixie Haircut<\/strong><\/h2>\n\n\n\n<figure class=\"wp-block-gallery has-nested-images columns-default is-cropped wp-block-gallery-2 is-layout-flex wp-block-gallery-is-layout-flex\">\n<figure class=\"wp-block-image size-large\"><img loading=\"lazy\" decoding=\"async\" width=\"1024\" height=\"1024\" data-id=\"30061\" src=\"https:\/\/i0.wp.com\/www.armandeus.com\/wp-content\/uploads\/2023\/04\/bixie.jpg?resize=1024%2C1024&#038;ssl=1\" alt=\"\" class=\"wp-image-30061\" srcset=\"https:\/\/i0.wp.com\/www.armandeus.com\/wp-content\/uploads\/2023\/04\/bixie.jpg?resize=1024%2C1024&amp;ssl=1 1024w, https:\/\/i0.wp.com\/www.armandeus.com\/wp-content\/uploads\/2023\/04\/bixie.jpg?resize=300%2C300&amp;ssl=1 300w, https:\/\/i0.wp.com\/www.armandeus.com\/wp-content\/uploads\/2023\/04\/bixie.jpg?resize=12%2C12&amp;ssl=1 12w, https:\/\/i0.wp.com\/www.armandeus.com\/wp-content\/uploads\/2023\/04\/bixie.jpg?resize=75%2C75&amp;ssl=1 75w, https:\/\/i0.wp.com\/www.armandeus.com\/wp-content\/uploads\/2023\/04\/bixie.jpg?resize=50%2C50&amp;ssl=1 50w, https:\/\/i0.wp.com\/www.armandeus.com\/wp-content\/uploads\/2023\/04\/bixie.jpg?resize=330%2C330&amp;ssl=1 330w, https:\/\/i0.wp.com\/www.armandeus.com\/wp-content\/uploads\/2023\/04\/bixie.jpg?resize=100%2C100&amp;ssl=1 100w, https:\/\/i0.wp.com\/www.armandeus.com\/wp-content\/uploads\/2023\/04\/bixie.jpg?w=1080&amp;ssl=1 1080w\" sizes=\"(max-width: 1024px) 100vw, 1024px\" data-recalc-dims=\"1\" \/><\/figure>\n<\/figure>\n\n\n\n<p>El corte de pelo Bixie es un corte de pelo corto y recortado que es a la vez elegante y pr\u00e1ctico. Es una combinaci\u00f3n de bob y pixie, con capas cortas y puntas recortadas. El corte de pelo Bixie es perfecto para quienes desean un corte de pelo que requiera poco mantenimiento y que quede bien todo el a\u00f1o.<\/p>\n\n\n\n<p>A Favor<\/p>\n\n\n\n<p>F\u00e1cil de mantener.- Queda bien en todas las formas de cara.- Aporta volumen al cabello fino.<\/p>\n\n\n\n<p>En Contra<\/p>\n\n\n\n<p>- No es un corte vers\u00e1til, no se puede peinar de muchas maneras - Requiere recortes regulares para mantener la forma fresca.<\/p>\n\n\n\n<hr class=\"wp-block-separator has-alpha-channel-opacity\"\/>\n\n\n\n<h2 class=\"wp-block-heading\"><strong>The Shag Haircut<\/strong><\/h2>\n\n\n\n<figure class=\"wp-block-gallery has-nested-images columns-default is-cropped wp-block-gallery-3 is-layout-flex wp-block-gallery-is-layout-flex\">\n<figure class=\"wp-block-image size-large\"><img loading=\"lazy\" decoding=\"async\" width=\"1024\" height=\"1024\" data-id=\"30060\" src=\"https:\/\/i0.wp.com\/www.armandeus.com\/wp-content\/uploads\/2023\/04\/shag.jpg?resize=1024%2C1024&#038;ssl=1\" alt=\"\" class=\"wp-image-30060\" srcset=\"https:\/\/i0.wp.com\/www.armandeus.com\/wp-content\/uploads\/2023\/04\/shag.jpg?resize=1024%2C1024&amp;ssl=1 1024w, https:\/\/i0.wp.com\/www.armandeus.com\/wp-content\/uploads\/2023\/04\/shag.jpg?resize=300%2C300&amp;ssl=1 300w, https:\/\/i0.wp.com\/www.armandeus.com\/wp-content\/uploads\/2023\/04\/shag.jpg?resize=12%2C12&amp;ssl=1 12w, https:\/\/i0.wp.com\/www.armandeus.com\/wp-content\/uploads\/2023\/04\/shag.jpg?resize=75%2C75&amp;ssl=1 75w, https:\/\/i0.wp.com\/www.armandeus.com\/wp-content\/uploads\/2023\/04\/shag.jpg?resize=50%2C50&amp;ssl=1 50w, https:\/\/i0.wp.com\/www.armandeus.com\/wp-content\/uploads\/2023\/04\/shag.jpg?resize=330%2C330&amp;ssl=1 330w, https:\/\/i0.wp.com\/www.armandeus.com\/wp-content\/uploads\/2023\/04\/shag.jpg?resize=100%2C100&amp;ssl=1 100w, https:\/\/i0.wp.com\/www.armandeus.com\/wp-content\/uploads\/2023\/04\/shag.jpg?w=1080&amp;ssl=1 1080w\" sizes=\"(max-width: 1024px) 100vw, 1024px\" data-recalc-dims=\"1\" \/><\/figure>\n<\/figure>\n\n\n\n<p>El corte de pelo Shag es un corte a capas muy popular desde los a\u00f1os setenta. Es un corte vers\u00e1til que se puede llevar de varias formas, desde liso a rizado. El corte de pelo Shag tiene capas largas, puntas cortadas y mucha textura, lo que le da un estilo \u00fanico y atrevido.<\/p>\n\n\n\n<p>A Favor<\/p>\n\n\n\n<p>- A\u00f1ade textura al cabello.- Se puede llevar de varias maneras.- Corte de pelo de bajo mantenimiento.<\/p>\n\n\n\n<p>En Contra<\/p>\n\n\n\n<p>Puede no ser adecuado para quienes tienen el pelo fino - Requiere recortes regulares para mantener la forma fresca - No es adecuado para quienes prefieren un aspecto m\u00e1s cl\u00e1sico.<\/p>\n\n\n\n<hr class=\"wp-block-separator has-alpha-channel-opacity\"\/>\n\n\n\n<h2 class=\"wp-block-heading\"><strong>The Pixie Haircut<\/strong><\/h2>\n\n\n\n<figure class=\"wp-block-gallery has-nested-images columns-default is-cropped wp-block-gallery-4 is-layout-flex wp-block-gallery-is-layout-flex\">\n<figure class=\"wp-block-image size-large\"><img loading=\"lazy\" decoding=\"async\" width=\"1024\" height=\"1024\" data-id=\"30059\" src=\"https:\/\/i0.wp.com\/www.armandeus.com\/wp-content\/uploads\/2023\/04\/pixie.jpg?resize=1024%2C1024&#038;ssl=1\" alt=\"\" class=\"wp-image-30059\" srcset=\"https:\/\/i0.wp.com\/www.armandeus.com\/wp-content\/uploads\/2023\/04\/pixie.jpg?resize=1024%2C1024&amp;ssl=1 1024w, https:\/\/i0.wp.com\/www.armandeus.com\/wp-content\/uploads\/2023\/04\/pixie.jpg?resize=300%2C300&amp;ssl=1 300w, https:\/\/i0.wp.com\/www.armandeus.com\/wp-content\/uploads\/2023\/04\/pixie.jpg?resize=12%2C12&amp;ssl=1 12w, https:\/\/i0.wp.com\/www.armandeus.com\/wp-content\/uploads\/2023\/04\/pixie.jpg?resize=75%2C75&amp;ssl=1 75w, https:\/\/i0.wp.com\/www.armandeus.com\/wp-content\/uploads\/2023\/04\/pixie.jpg?resize=50%2C50&amp;ssl=1 50w, https:\/\/i0.wp.com\/www.armandeus.com\/wp-content\/uploads\/2023\/04\/pixie.jpg?resize=330%2C330&amp;ssl=1 330w, https:\/\/i0.wp.com\/www.armandeus.com\/wp-content\/uploads\/2023\/04\/pixie.jpg?resize=100%2C100&amp;ssl=1 100w, https:\/\/i0.wp.com\/www.armandeus.com\/wp-content\/uploads\/2023\/04\/pixie.jpg?w=1080&amp;ssl=1 1080w\" sizes=\"(max-width: 1024px) 100vw, 1024px\" data-recalc-dims=\"1\" \/><\/figure>\n<\/figure>\n\n\n\n<p>The Pixie haircut is a short, cropped haircut that has been popular since the 1950s. It is a classic haircut that is both stylish and practical. The Pixie haircut is perfect for those who want a low-maintenance haircut that looks great all year round.<\/p>\n\n\n\n<p>A Favor<\/p>\n\n\n\n<p>Queda bien en todas las formas de cara.\n- Aporta volumen al cabello fino.<\/p>\n\n\n\n<p>En Contra<\/p>\n\n\n\n<p>- No es un corte vers\u00e1til, no se puede peinar de muchas maneras - Requiere recortes regulares para mantener la forma fresca.<\/p>\n\n\n\n<hr class=\"wp-block-separator has-alpha-channel-opacity\"\/>\n\n\n\n<h2 class=\"wp-block-heading\"><strong>The Mullet Haircut<\/strong><\/h2>\n\n\n\n<figure class=\"wp-block-gallery has-nested-images columns-default is-cropped wp-block-gallery-5 is-layout-flex wp-block-gallery-is-layout-flex\">\n<figure class=\"wp-block-image size-large\"><img loading=\"lazy\" decoding=\"async\" width=\"1024\" height=\"1024\" data-id=\"30058\" src=\"https:\/\/i0.wp.com\/www.armandeus.com\/wp-content\/uploads\/2023\/04\/mullet.jpg?resize=1024%2C1024&#038;ssl=1\" alt=\"\" class=\"wp-image-30058\" srcset=\"https:\/\/i0.wp.com\/www.armandeus.com\/wp-content\/uploads\/2023\/04\/mullet.jpg?resize=1024%2C1024&amp;ssl=1 1024w, https:\/\/i0.wp.com\/www.armandeus.com\/wp-content\/uploads\/2023\/04\/mullet.jpg?resize=300%2C300&amp;ssl=1 300w, https:\/\/i0.wp.com\/www.armandeus.com\/wp-content\/uploads\/2023\/04\/mullet.jpg?resize=12%2C12&amp;ssl=1 12w, https:\/\/i0.wp.com\/www.armandeus.com\/wp-content\/uploads\/2023\/04\/mullet.jpg?resize=75%2C75&amp;ssl=1 75w, https:\/\/i0.wp.com\/www.armandeus.com\/wp-content\/uploads\/2023\/04\/mullet.jpg?resize=50%2C50&amp;ssl=1 50w, https:\/\/i0.wp.com\/www.armandeus.com\/wp-content\/uploads\/2023\/04\/mullet.jpg?resize=330%2C330&amp;ssl=1 330w, https:\/\/i0.wp.com\/www.armandeus.com\/wp-content\/uploads\/2023\/04\/mullet.jpg?resize=100%2C100&amp;ssl=1 100w, https:\/\/i0.wp.com\/www.armandeus.com\/wp-content\/uploads\/2023\/04\/mullet.jpg?w=1080&amp;ssl=1 1080w\" sizes=\"(max-width: 1024px) 100vw, 1024px\" data-recalc-dims=\"1\" \/><\/figure>\n<\/figure>\n\n\n\n<p>A Favor<\/p>\n\n\n\n<p>Corte de pelo de bajo mantenimiento, que se puede peinar de varias maneras.<\/p>\n\n\n\n<p>En Contra<\/p>\n\n\n\n<p>- No es adecuado para quienes prefieren un look m\u00e1s cl\u00e1sico o conservador - Requiere recortes regulares para mantener la forma fresca.Secci\u00f3n 6: Forma de la cara y textura del cabello<\/p>\n\n\n\n<p>A la hora de elegir, es esencial tener en cuenta la forma de tu cara y la textura de tu pelo. Ciertos cortes de pelo pueden quedar bien a una persona pero no a otra. Por ejemplo, las personas de cara redonda deben evitar los cortes de pelo que a\u00f1aden volumen en los laterales, mientras que las de cara cuadrada deben evitar los cortes de pelo que a\u00f1aden volumen en la parte superior.<\/p>\n\n\n\n<p>Del mismo modo, las que tienen el pelo grueso deben evitar los cortes de pelo que den mucho volumen, mientras que las que tienen el pelo grueso deben evitar los cortes de pelo que hagan que el pelo parezca voluminoso. Es esencial elegir un corte de pelo que complemente tu forma natural y facial.Secci\u00f3n 7: Estilo de vida y mantenimiento<\/p>\n\n\n\n<p>Otro factor a tener en cuenta a la hora de elegir un corte de pelo es tu estilo de vida y su mantenimiento. Si tienes una agenda muy apretada, quiz\u00e1 prefieras un corte que requiera poco mantenimiento y poco peinado. Por otro lado, si te gusta experimentar con diferentes peinados, quiz\u00e1 prefieras un corte m\u00e1s vers\u00e1til que pueda peinarse de varias maneras.<\/p>\n\n\n\n<p>Tambi\u00e9n es esencial el mantenimiento que requiere el corte de pelo elegido. Algunos cortes de pelo requieren recortes regulares para mantener su forma, mientras que otros requieren m\u00e1s productos y herramientas de peinado para conseguir el aspecto deseado.<\/p>\n\n\n\n<hr class=\"wp-block-separator has-alpha-channel-opacity\"\/>\n\n\n\n<h2 class=\"wp-block-heading\"><strong>Color and Highlights<\/strong><\/h2>\n\n\n\n<div class=\"wp-block-jetpack-tiled-gallery aligncenter is-style-rectangular\"><div class=\"tiled-gallery__gallery\"><div class=\"tiled-gallery__row\"><div class=\"tiled-gallery__col\" style=\"flex-basis:30.81955%\"><figure class=\"tiled-gallery__item\"><img decoding=\"async\" srcset=\"https:\/\/i2.wp.com\/www.armandeus.com\/wp-content\/uploads\/2023\/01\/IMG_2259_pp.jpg?strip=info&#038;w=600&#038;ssl=1 600w\" alt=\"\" data-height=\"900\" data-id=\"29947\" data-link=\"https:\/\/www.armandeus.com\/hair-trends-for-women-in-2023\/img_2259_pp\/\" data-url=\"https:\/\/www.armandeus.com\/wp-content\/uploads\/2023\/01\/IMG_2259_pp.jpg\" data-width=\"600\" src=\"https:\/\/i2.wp.com\/www.armandeus.com\/wp-content\/uploads\/2023\/01\/IMG_2259_pp.jpg?ssl=1\" data-amp-layout=\"responsive\"\/><\/figure><\/div><div class=\"tiled-gallery__col\" style=\"flex-basis:69.18045%\"><figure class=\"tiled-gallery__item\"><img decoding=\"async\" srcset=\"https:\/\/i0.wp.com\/www.armandeus.com\/wp-content\/uploads\/2023\/01\/IMG_2204_pp.jpg?strip=info&#038;w=600&#038;ssl=1 600w,https:\/\/i0.wp.com\/www.armandeus.com\/wp-content\/uploads\/2023\/01\/IMG_2204_pp.jpg?strip=info&#038;w=900&#038;ssl=1 900w\" alt=\"\" data-height=\"600\" data-id=\"29925\" data-link=\"https:\/\/www.armandeus.com\/silvana-new-hairstyle\/img_2204_pp\/\" data-url=\"https:\/\/www.armandeus.com\/wp-content\/uploads\/2023\/01\/IMG_2204_pp.jpg\" data-width=\"900\" src=\"https:\/\/i0.wp.com\/www.armandeus.com\/wp-content\/uploads\/2023\/01\/IMG_2204_pp.jpg?ssl=1\" data-amp-layout=\"responsive\"\/><\/figure><\/div><\/div><\/div><\/div>\n\n\n\n<p>El color y las mechas pueden realzar cualquier corte de pelo y a\u00f1adir profundidad y dimensi\u00f3n a tu cabello. A la hora de elegir un color o unas mechas, es fundamental tener en cuenta el tono de piel y el color natural del cabello. Por ejemplo, los tonos de piel c\u00e1lidos deber\u00edan optar por colores c\u00e1lidos, mientras que los tonos de piel fr\u00edos deber\u00edan optar por colores fr\u00edos.<\/p>\n\n\n\n<p>Del mismo modo, las personas con el pelo claro deben elegir mechas m\u00e1s claras, mientras que las que tienen el pelo oscuro deben elegir mechas m\u00e1s oscuras. Es esencial elegir un color o unas mechas que complementen tu color natural de pelo y tu tono de piel.<\/p>\n\n\n\n<p><\/p>\n\n\n\n<hr class=\"wp-block-separator has-alpha-channel-opacity\"\/>\n\n\n\n<h2 class=\"wp-block-heading\"><strong>Consultation with a Professional Hair Stylist<\/strong><\/h2>\n\n\n\n<blockquote class=\"wp-block-quote\">\n<p>Elegir el corte de pelo adecuado puede ser todo un reto, y a veces lo mejor es consultar a un estilista profesional. Un estilista puede ayudarte a determinar qu\u00e9 corte de pelo te queda mejor en funci\u00f3n de la forma de tu cara, la textura de tu pelo, tu estilo de vida y tus necesidades de mantenimiento.<\/p>\n<\/blockquote>\n\n\n\n<p>Un estilista tambi\u00e9n puede recomendarte distintas opciones de color y mechas que complementen tu color natural de pelo y tu tono de piel. As\u00ed que no dudes en reservar una consulta con un estilista para que te ayude a elegir el corte de pelo perfecto.<\/p>\n\n\n\n<h2 class=\"wp-block-heading\"><strong>Conclusi\u00f3n<\/strong><\/h2>\n\n\n\n<p>Elegir el corte de pelo adecuado puede ser una tarea desalentadora, pero si tienes en cuenta la forma de tu cara, la textura de tu pelo, tu estilo de vida, tus necesidades de mantenimiento, el color y las mechas, podr\u00e1s reducir tus opciones y elegir el corte de pelo que mejor se adapte a ti.<\/p>\n\n\n\n<p>Tanto si optas por un corte de pelo Butterfly, Bixie, Shag, Pixie o Mullet, aseg\u00farate de elegir un corte de pelo que te haga sentir segura y guapa.<\/p>\n\n\n\n<hr class=\"wp-block-separator has-alpha-channel-opacity\"\/>","protected":false},"excerpt":{"rendered":"<p>Get a Fresh Look for Spring, Choosing the right haircut can be a daunting task.<\/p>","protected":false},"author":1,"featured_media":30059,"comment_status":"closed","ping_status":"closed","sticky":false,"template":"","format":"standard","meta":{"_acf_changed":false,"_exactmetrics_skip_tracking":false,"_exactmetrics_sitenote_active":false,"_exactmetrics_sitenote_note":"","_exactmetrics_sitenote_category":0,"footnotes":"","_jetpack_memberships_contains_paid_content":false},"categories":[597,14],"tags":[365],"acf":[],"yoast_head":"<!-- This site is optimized with the Yoast SEO Premium plugin v23.3 (Yoast SEO v23.3) - https:\/\/yoast.com\/wordpress\/plugins\/seo\/ -->\n<title>Which One is the Best Haircut for You<\/title>\n<meta name=\"description\" content=\"Hair Salon Armandeus - Hair Salon Miami - Hair Salon Orlando - Which One is the Best Haircut for You - Hair Salon in Aventura\" \/>\n<meta name=\"robots\" content=\"index, follow, max-snippet:-1, max-image-preview:large, max-video-preview:-1\" \/>\n<link rel=\"canonical\" href=\"https:\/\/www.armandeus.com\/es\/which-one-is-the-best-haircut-for-you\/\" \/>\n<meta property=\"og:locale\" content=\"es_ES\" \/>\n<meta property=\"og:type\" content=\"article\" \/>\n<meta property=\"og:title\" content=\"Which One is the Best Haircut for You\" \/>\n<meta property=\"og:description\" content=\"Best hair salon in Miami and Orlando Florida\" \/>\n<meta property=\"og:url\" content=\"https:\/\/www.armandeus.com\/es\/which-one-is-the-best-haircut-for-you\/\" \/>\n<meta property=\"og:site_name\" content=\"Hair Salon Armandeus\" \/>\n<meta property=\"article:publisher\" content=\"https:\/\/www.facebook.com\/salonarmandeus\" \/>\n<meta property=\"article:published_time\" content=\"2023-04-01T12:12:07+00:00\" \/>\n<meta property=\"article:modified_time\" content=\"2023-04-01T12:20:50+00:00\" \/>\n<meta property=\"og:image\" content=\"https:\/\/www.armandeus.com\/wp-content\/uploads\/2023\/04\/pixie.jpg\" \/>\n\t<meta property=\"og:image:width\" content=\"1080\" \/>\n\t<meta property=\"og:image:height\" content=\"1080\" \/>\n\t<meta property=\"og:image:type\" content=\"image\/jpeg\" \/>\n<meta name=\"author\" content=\"Salon Armandeus\" \/>\n<meta name=\"twitter:card\" content=\"summary_large_image\" \/>\n<meta name=\"twitter:creator\" content=\"@salonarmandeus\" \/>\n<meta name=\"twitter:site\" content=\"@salonarmandeus\" \/>\n<meta name=\"twitter:label1\" content=\"Escrito por\" \/>\n\t<meta name=\"twitter:data1\" content=\"Salon Armandeus\" \/>\n\t<meta name=\"twitter:label2\" content=\"Tiempo estimado de lectura\" \/>\n\t<meta name=\"twitter:data2\" content=\"6 minutos\" \/>\n<script type=\"application\/ld+json\" class=\"yoast-schema-graph\">{\"@context\":\"https:\/\/schema.org\",\"@graph\":[{\"@type\":\"Article\",\"@id\":\"https:\/\/www.armandeus.com\/which-one-is-the-best-haircut-for-you\/#article\",\"isPartOf\":{\"@id\":\"https:\/\/www.armandeus.com\/which-one-is-the-best-haircut-for-you\/\"},\"author\":{\"name\":\"Salon Armandeus\",\"@id\":\"https:\/\/www.armandeus.com\/#\/schema\/person\/4d85f93797bfeb651f26bf572b6b6735\"},\"headline\":\"Which One is the Best Haircut for You\",\"datePublished\":\"2023-04-01T12:12:07+00:00\",\"dateModified\":\"2023-04-01T12:20:50+00:00\",\"mainEntityOfPage\":{\"@id\":\"https:\/\/www.armandeus.com\/which-one-is-the-best-haircut-for-you\/\"},\"wordCount\":969,\"publisher\":{\"@id\":\"https:\/\/www.armandeus.com\/#organization\"},\"image\":{\"@id\":\"https:\/\/www.armandeus.com\/which-one-is-the-best-haircut-for-you\/#primaryimage\"},\"thumbnailUrl\":\"https:\/\/i0.wp.com\/www.armandeus.com\/wp-content\/uploads\/2023\/04\/pixie.jpg?fit=1080%2C1080&ssl=1\",\"keywords\":[\"haircut\"],\"articleSection\":[\"Blog\",\"News\"],\"inLanguage\":\"es\"},{\"@type\":\"WebPage\",\"@id\":\"https:\/\/www.armandeus.com\/which-one-is-the-best-haircut-for-you\/\",\"url\":\"https:\/\/www.armandeus.com\/which-one-is-the-best-haircut-for-you\/\",\"name\":\"Which One is the Best Haircut for You\",\"isPartOf\":{\"@id\":\"https:\/\/www.armandeus.com\/#website\"},\"primaryImageOfPage\":{\"@id\":\"https:\/\/www.armandeus.com\/which-one-is-the-best-haircut-for-you\/#primaryimage\"},\"image\":{\"@id\":\"https:\/\/www.armandeus.com\/which-one-is-the-best-haircut-for-you\/#primaryimage\"},\"thumbnailUrl\":\"https:\/\/i0.wp.com\/www.armandeus.com\/wp-content\/uploads\/2023\/04\/pixie.jpg?fit=1080%2C1080&ssl=1\",\"datePublished\":\"2023-04-01T12:12:07+00:00\",\"dateModified\":\"2023-04-01T12:20:50+00:00\",\"description\":\"Hair Salon Armandeus - Hair Salon Miami - Hair Salon Orlando - Which One is the Best Haircut for You - Hair Salon in Aventura\",\"breadcrumb\":{\"@id\":\"https:\/\/www.armandeus.com\/which-one-is-the-best-haircut-for-you\/#breadcrumb\"},\"inLanguage\":\"es\",\"potentialAction\":[{\"@type\":\"ReadAction\",\"target\":[\"https:\/\/www.armandeus.com\/which-one-is-the-best-haircut-for-you\/\"]}]},{\"@type\":\"ImageObject\",\"inLanguage\":\"es\",\"@id\":\"https:\/\/www.armandeus.com\/which-one-is-the-best-haircut-for-you\/#primaryimage\",\"url\":\"https:\/\/i0.wp.com\/www.armandeus.com\/wp-content\/uploads\/2023\/04\/pixie.jpg?fit=1080%2C1080&ssl=1\",\"contentUrl\":\"https:\/\/i0.wp.com\/www.armandeus.com\/wp-content\/uploads\/2023\/04\/pixie.jpg?fit=1080%2C1080&ssl=1\",\"width\":1080,\"height\":1080},{\"@type\":\"BreadcrumbList\",\"@id\":\"https:\/\/www.armandeus.com\/which-one-is-the-best-haircut-for-you\/#breadcrumb\",\"itemListElement\":[{\"@type\":\"ListItem\",\"position\":1,\"name\":\"Home\",\"item\":\"https:\/\/www.armandeus.com\/\"},{\"@type\":\"ListItem\",\"position\":2,\"name\":\"Which One is the Best Haircut for You\"}]},{\"@type\":\"WebSite\",\"@id\":\"https:\/\/www.armandeus.com\/#website\",\"url\":\"https:\/\/www.armandeus.com\/\",\"name\":\"Hair Salon Armandeus\",\"description\":\"Miami Orlando Madrid Caracas\",\"publisher\":{\"@id\":\"https:\/\/www.armandeus.com\/#organization\"},\"alternateName\":\"Salon Armandeus\",\"potentialAction\":[{\"@type\":\"SearchAction\",\"target\":{\"@type\":\"EntryPoint\",\"urlTemplate\":\"https:\/\/www.armandeus.com\/?s={search_term_string}\"},\"query-input\":\"required name=search_term_string\"}],\"inLanguage\":\"es\"},{\"@type\":\"Organization\",\"@id\":\"https:\/\/www.armandeus.com\/#organization\",\"name\":\"Hair Salon Armandeus\",\"alternateName\":\"Salon Armandeus\",\"url\":\"https:\/\/www.armandeus.com\/\",\"logo\":{\"@type\":\"ImageObject\",\"inLanguage\":\"es\",\"@id\":\"https:\/\/www.armandeus.com\/#\/schema\/logo\/image\/\",\"url\":\"https:\/\/i0.wp.com\/www.armandeus.com\/wp-content\/uploads\/2016\/09\/logo-x2.png?fit=1024%2C1024&ssl=1\",\"contentUrl\":\"https:\/\/i0.wp.com\/www.armandeus.com\/wp-content\/uploads\/2016\/09\/logo-x2.png?fit=1024%2C1024&ssl=1\",\"width\":1024,\"height\":1024,\"caption\":\"Hair Salon Armandeus\"},\"image\":{\"@id\":\"https:\/\/www.armandeus.com\/#\/schema\/logo\/image\/\"},\"sameAs\":[\"https:\/\/www.facebook.com\/salonarmandeus\",\"https:\/\/x.com\/salonarmandeus\",\"https:\/\/www.instagram.com\/salonarmandeus\/\",\"http:\/\/youtube.com\/salonarmandeus\"]},{\"@type\":\"Person\",\"@id\":\"https:\/\/www.armandeus.com\/#\/schema\/person\/4d85f93797bfeb651f26bf572b6b6735\",\"name\":\"Salon Armandeus\",\"image\":{\"@type\":\"ImageObject\",\"inLanguage\":\"es\",\"@id\":\"https:\/\/www.armandeus.com\/#\/schema\/person\/image\/\",\"url\":\"https:\/\/secure.gravatar.com\/avatar\/d0402580d8a3a63ece74dcdf02562415?s=96&d=blank&r=g\",\"contentUrl\":\"https:\/\/secure.gravatar.com\/avatar\/d0402580d8a3a63ece74dcdf02562415?s=96&d=blank&r=g\",\"caption\":\"Salon Armandeus\"}}]}<\/script>\n<!-- \/ Yoast SEO Premium plugin. -->","yoast_head_json":{"title":"Cual es el mejor corte de cabello para ti","description":"Hair Salon Armandeus - Hair Salon Miami - Hair Salon Orlando - Which One is the Best Haircut for You - Hair Salon in Aventura","robots":{"index":"index","follow":"follow","max-snippet":"max-snippet:-1","max-image-preview":"max-image-preview:large","max-video-preview":"max-video-preview:-1"},"canonical":"https:\/\/www.armandeus.com\/es\/which-one-is-the-best-haircut-for-you\/","og_locale":"es_ES","og_type":"article","og_title":"Which One is the Best Haircut for You","og_description":"Best hair salon in Miami and Orlando Florida","og_url":"https:\/\/www.armandeus.com\/es\/which-one-is-the-best-haircut-for-you\/","og_site_name":"Hair Salon Armandeus","article_publisher":"https:\/\/www.facebook.com\/salonarmandeus","article_published_time":"2023-04-01T12:12:07+00:00","article_modified_time":"2023-04-01T12:20:50+00:00","og_image":[{"width":1080,"height":1080,"url":"https:\/\/www.armandeus.com\/wp-content\/uploads\/2023\/04\/pixie.jpg","type":"image\/jpeg"}],"author":"Salon Armandeus","twitter_card":"summary_large_image","twitter_creator":"@salonarmandeus","twitter_site":"@salonarmandeus","twitter_misc":{"Escrito por":"Salon Armandeus","Tiempo estimado de lectura":"6 minutos"},"schema":{"@context":"https:\/\/schema.org","@graph":[{"@type":"Article","@id":"https:\/\/www.armandeus.com\/which-one-is-the-best-haircut-for-you\/#article","isPartOf":{"@id":"https:\/\/www.armandeus.com\/which-one-is-the-best-haircut-for-you\/"},"author":{"name":"Salon Armandeus","@id":"https:\/\/www.armandeus.com\/#\/schema\/person\/4d85f93797bfeb651f26bf572b6b6735"},"headline":"Which One is the Best Haircut for You","datePublished":"2023-04-01T12:12:07+00:00","dateModified":"2023-04-01T12:20:50+00:00","mainEntityOfPage":{"@id":"https:\/\/www.armandeus.com\/which-one-is-the-best-haircut-for-you\/"},"wordCount":969,"publisher":{"@id":"https:\/\/www.armandeus.com\/#organization"},"image":{"@id":"https:\/\/www.armandeus.com\/which-one-is-the-best-haircut-for-you\/#primaryimage"},"thumbnailUrl":"https:\/\/i0.wp.com\/www.armandeus.com\/wp-content\/uploads\/2023\/04\/pixie.jpg?fit=1080%2C1080&ssl=1","keywords":["haircut"],"articleSection":["Blog","News"],"inLanguage":"es"},{"@type":"WebPage","@id":"https:\/\/www.armandeus.com\/which-one-is-the-best-haircut-for-you\/","url":"https:\/\/www.armandeus.com\/which-one-is-the-best-haircut-for-you\/","name":"Cual es el mejor corte de cabello para ti","isPartOf":{"@id":"https:\/\/www.armandeus.com\/#website"},"primaryImageOfPage":{"@id":"https:\/\/www.armandeus.com\/which-one-is-the-best-haircut-for-you\/#primaryimage"},"image":{"@id":"https:\/\/www.armandeus.com\/which-one-is-the-best-haircut-for-you\/#primaryimage"},"thumbnailUrl":"https:\/\/i0.wp.com\/www.armandeus.com\/wp-content\/uploads\/2023\/04\/pixie.jpg?fit=1080%2C1080&ssl=1","datePublished":"2023-04-01T12:12:07+00:00","dateModified":"2023-04-01T12:20:50+00:00","description":"Hair Salon Armandeus - Hair Salon Miami - Hair Salon Orlando - Which One is the Best Haircut for You - Hair Salon in Aventura","breadcrumb":{"@id":"https:\/\/www.armandeus.com\/which-one-is-the-best-haircut-for-you\/#breadcrumb"},"inLanguage":"es","potentialAction":[{"@type":"ReadAction","target":["https:\/\/www.armandeus.com\/which-one-is-the-best-haircut-for-you\/"]}]},{"@type":"ImageObject","inLanguage":"es","@id":"https:\/\/www.armandeus.com\/which-one-is-the-best-haircut-for-you\/#primaryimage","url":"https:\/\/i0.wp.com\/www.armandeus.com\/wp-content\/uploads\/2023\/04\/pixie.jpg?fit=1080%2C1080&ssl=1","contentUrl":"https:\/\/i0.wp.com\/www.armandeus.com\/wp-content\/uploads\/2023\/04\/pixie.jpg?fit=1080%2C1080&ssl=1","width":1080,"height":1080},{"@type":"BreadcrumbList","@id":"https:\/\/www.armandeus.com\/which-one-is-the-best-haircut-for-you\/#breadcrumb","itemListElement":[{"@type":"ListItem","position":1,"name":"Home","item":"https:\/\/www.armandeus.com\/"},{"@type":"ListItem","position":2,"name":"Which One is the Best Haircut for You"}]},{"@type":"WebSite","@id":"https:\/\/www.armandeus.com\/#website","url":"https:\/\/www.armandeus.com\/","name":"Hair Salon Armandeus","description":"Miami Orlando Madrid Caracas","publisher":{"@id":"https:\/\/www.armandeus.com\/#organization"},"alternateName":"Salon Armandeus","potentialAction":[{"@type":"SearchAction","target":{"@type":"EntryPoint","urlTemplate":"https:\/\/www.armandeus.com\/?s={search_term_string}"},"query-input":"required name=search_term_string"}],"inLanguage":"es"},{"@type":"Organization","@id":"https:\/\/www.armandeus.com\/#organization","name":"Hair Salon Armandeus","alternateName":"Salon Armandeus","url":"https:\/\/www.armandeus.com\/","logo":{"@type":"ImageObject","inLanguage":"es","@id":"https:\/\/www.armandeus.com\/#\/schema\/logo\/image\/","url":"https:\/\/i0.wp.com\/www.armandeus.com\/wp-content\/uploads\/2016\/09\/logo-x2.png?fit=1024%2C1024&ssl=1","contentUrl":"https:\/\/i0.wp.com\/www.armandeus.com\/wp-content\/uploads\/2016\/09\/logo-x2.png?fit=1024%2C1024&ssl=1","width":1024,"height":1024,"caption":"Hair Salon Armandeus"},"image":{"@id":"https:\/\/www.armandeus.com\/#\/schema\/logo\/image\/"},"sameAs":["https:\/\/www.facebook.com\/salonarmandeus","https:\/\/x.com\/salonarmandeus","https:\/\/www.instagram.com\/salonarmandeus\/","http:\/\/youtube.com\/salonarmandeus"]},{"@type":"Person","@id":"https:\/\/www.armandeus.com\/#\/schema\/person\/4d85f93797bfeb651f26bf572b6b6735","name":"Salon Armandeus","image":{"@type":"ImageObject","inLanguage":"es","@id":"https:\/\/www.armandeus.com\/#\/schema\/person\/image\/","url":"https:\/\/secure.gravatar.com\/avatar\/d0402580d8a3a63ece74dcdf02562415?s=96&d=blank&r=g","contentUrl":"https:\/\/secure.gravatar.com\/avatar\/d0402580d8a3a63ece74dcdf02562415?s=96&d=blank&r=g","caption":"Salon Armandeus"}}]}},"jetpack_sharing_enabled":true,"jetpack_featured_media_url":"https:\/\/i0.wp.com\/www.armandeus.com\/wp-content\/uploads\/2023\/04\/pixie.jpg?fit=1080%2C1080&ssl=1","jetpack-related-posts":[],"amp_enabled":true,"_links":{"self":[{"href":"https:\/\/www.armandeus.com\/es\/wp-json\/wp\/v2\/posts\/30057"}],"collection":[{"href":"https:\/\/www.armandeus.com\/es\/wp-json\/wp\/v2\/posts"}],"about":[{"href":"https:\/\/www.armandeus.com\/es\/wp-json\/wp\/v2\/types\/post"}],"author":[{"embeddable":true,"href":"https:\/\/www.armandeus.com\/es\/wp-json\/wp\/v2\/users\/1"}],"replies":[{"embeddable":true,"href":"https:\/\/www.armandeus.com\/es\/wp-json\/wp\/v2\/comments?post=30057"}],"version-history":[{"count":2,"href":"https:\/\/www.armandeus.com\/es\/wp-json\/wp\/v2\/posts\/30057\/revisions"}],"predecessor-version":[{"id":30065,"href":"https:\/\/www.armandeus.com\/es\/wp-json\/wp\/v2\/posts\/30057\/revisions\/30065"}],"wp:featuredmedia":[{"embeddable":true,"href":"https:\/\/www.armandeus.com\/es\/wp-json\/wp\/v2\/media\/30059"}],"wp:attachment":[{"href":"https:\/\/www.armandeus.com\/es\/wp-json\/wp\/v2\/media?parent=30057"}],"wp:term":[{"taxonomy":"category","embeddable":true,"href":"https:\/\/www.armandeus.com\/es\/wp-json\/wp\/v2\/categories?post=30057"},{"taxonomy":"post_tag","embeddable":true,"href":"https:\/\/www.armandeus.com\/es\/wp-json\/wp\/v2\/tags?post=30057"}],"curies":[{"name":"wp","href":"https:\/\/api.w.org\/{rel}","templated":true}]}}